{"id":49,"date":"2003-07-07T18:08:50","date_gmt":"2003-07-07T16:08:50","guid":{"rendered":"http:\/\/puech.info\/michel\/blog\/?p=49"},"modified":"2022-07-27T11:28:21","modified_gmt":"2022-07-27T09:28:21","slug":"lhomme-a-la-canne-jaune","status":"publish","type":"post","link":"http:\/\/puech.info\/michel\/blog\/2003\/07\/07\/lhomme-a-la-canne-jaune\/","title":{"rendered":"L\u2019homme \u00e0 la canne jaune"},"content":{"rendered":"<p>\u00ab\u00a0Tout petit, il s\u2019amusait d\u00e9j\u00e0 \u00e0 photographier ce qui l\u2019entourait. Le photographe et journaliste Michel Puech ne savait pas encore qu\u2019il \u00e9tait atteint d\u2019une maladie dite r\u00e9tinite pigmentaire\u00a0\u00bb \u00e9crit Laura Basseti dans <strong><em>Le Journal de l&rsquo;Ile de la R\u00e9union<\/em><\/strong>.<\/p>\n<p><!--more--><\/p>\n<p>Ce n\u2019est qu\u2019\u00e0 46 ans qu\u2019il est oblig\u00e9 de reconna\u00eetre que quelque chose ne va pas. Et que, peut-\u00eatre, il ne voit pas comme tout le monde. Atteint par un mal inexorable qui r\u00e9tr\u00e9cit son champ de vision, Michel Puech continue envers et contre tout de photographier le monde comme il le voit. Il d\u00e9clare en souriant : \u201cJe suis pris par le temps. Vous savez, je suis comme la plupart des gens, si je peux, j\u2019essaye de courir plus vite et mieux que les autres.\u201d<\/p>\n<p><strong>Article de Laura Basseti<\/strong><strong> in Journal de l&rsquo;Ile de la R\u00e9union du 16 juillet 2003<\/strong><\/p>\n<p>&#8211; Comment a d\u00e9but\u00e9 votre passion pour la photographie ?<br \/>\n&#8211; J\u2019ai toujours aim\u00e9 la photo, c\u2019est comme \u00e7a. Petit d\u00e9j\u00e0, je photographiais tout ce que je voyais.<\/p>\n<p>&#8211; Mais vous \u00e9tiez malvoyant ?<br \/>\n&#8211; Au d\u00e9part, je ne savais pas que je ne voyais pas comme tout le monde. Ce n\u2019est qu\u2019\u00e0 46 ans, en 1994, qu\u2019il a fallu que je me rende \u00e0 l\u2019\u00e9vidence. Quelque chose ne tournait pas rond. Je faisais quelque chose, je le faisais bien, et puis le lendemain, je n\u2019arrivais plus \u00e0 le faire. \u00c0 l\u2019\u00e9poque j\u2019\u00e9tais d\u00e9j\u00e0 dans le circuit professionnel, j\u2019\u00e9tais journaliste et photographe.<\/p>\n<p>&#8211; Quel est votre handicap, exactement ?<br \/>\n&#8211; J\u2019ai une r\u00e9tinite pigmentaire. Elle se caract\u00e9rise par un champ visuel qui se restreint. Mon acuit\u00e9 visuelle varie entre 2\/10 en \u00e9clairage id\u00e9al et 0\/10 dans des conditions de photosensibilit\u00e9 maximale.<\/p>\n<p>&#8211; Et vous avez d\u00e9cid\u00e9 de continuer malgr\u00e9 tout ?<br \/>\n&#8211; Oui, c\u2019est une bataille, enfin le terme est peut-\u00eatre un peu fort, ce n\u2019est pas si grave finalement.<\/p>\n<p>&#8211; En tant que photographe malvoyant, rencontrez-vous des difficult\u00e9s particuli\u00e8res ?<br \/>\n&#8211; Non, pas sp\u00e9cialement. Il est vrai que je cadre assez serr\u00e9, ma vision continue de se r\u00e9duire avec le temps. Mais c\u2019est mon style en quelque sorte.<\/p>\n<p>&#8211; Qu\u2019est-ce que vous prenez en photo ?<br \/>\n&#8211; Un peu de tout. Des portraits, des \u00e9v\u00e9nements, des paysages, j\u2019ai eu l\u2019occasion d\u2019ailleurs de visiter et de voir la R\u00e9union. C\u2019est vraiment magnifique. Je prends le monde en photo, tout simplement.<\/p>\n<p>&#8211; Pensez-vous que votre regard est diff\u00e9rent parce que vous ne voyez pas comme les autres ?<br \/>\n&#8211; Je ne sais pas. Moi ce qui m\u2019int\u00e9resse, c\u2019est de confronter mon regard \u00e0 une technique argentique. Je ne travaille pas en num\u00e9rique. Je travaille avec un bo\u00eetier, de mani\u00e8re manuelle, je choisis l\u2019exposition et la vitesse d\u2019apr\u00e8s la lumi\u00e8re. Apr\u00e8s, ce sont les gens qui d\u00e9cident si c&rsquo;est bien ou pas.<\/p>\n<p>&#8211; Et que disent les gens ?<br \/>\n&#8211; Et bien\u2026 J&rsquo;ai des \u00e9chos plut\u00f4t favorables sur mon travail. Sinon, je ferais autre chose ! (conclut-il en riant).<\/p>\n<p>\u2022 Une histoire belge<\/p>\n<p>En 1991, le roi Baudouin officialisait la canne jaune pour les malvoyants, \u00e0 l\u2019instar de la canne blanche pour les aveugles. Une mani\u00e8re de diff\u00e9rencier les deux handicaps (un homme \u00e0 canne blanche qui ach\u00e8te un journal pour le lire, \u00e7a peut laisser perplexes quelques personnes). Aujourd&rsquo;hui, la pratique se d\u00e9veloppe un peu partout dans le monde, notamment au Qu\u00e9bec, qui a toujours la petite longueur d\u2019avance en mati\u00e8re de handicap. Petit d\u00e9tail amusant : une journaliste qui enqu\u00eatait sur le sujet part en Argentine et d\u00e9couvre que l\u2019utilisation de la canne pour les malvoyants est chose courante. Sauf que la canne est\u2026 verte.<br \/>\nhttp :\/\/cannejaune.org\/<\/p>\n<p>&nbsp;<\/p>\n<h3><a href=\"http:\/\/puech.info\/michel\/blog\/pressbook\/\">Retour au Pressbook<\/a><\/h3>\n","protected":false},"excerpt":{"rendered":"<p>\u00ab\u00a0Tout petit, il s\u2019amusait d\u00e9j\u00e0 \u00e0 photographier ce qui l\u2019entourait. Le photographe et journaliste Michel Puech ne savait pas encore qu\u2019il \u00e9tait atteint d\u2019une maladie dite r\u00e9tinite pigmentaire\u00a0\u00bb \u00e9crit Laura Basseti dans Le Journal de l&rsquo;Ile de la R\u00e9union.<\/p>\n","protected":false},"author":2,"featured_media":0,"comment_status":"open","ping_status":"closed","sticky":false,"template":"","format":"standard","meta":{"footnotes":""},"categories":[1,45],"tags":[10,12,11,4],"class_list":["post-49","post","type-post","status-publish","format-standard","hentry","category-uncategorized","category-pressbook","tag-canne-jaune","tag-journal-de-lile-de-la-reunion","tag-laura-basseti","tag-retinite-pigmentaire"],"_links":{"self":[{"href":"http:\/\/puech.info\/michel\/blog\/wp-json\/wp\/v2\/posts\/49","targetHints":{"allow":["GET"]}}],"collection":[{"href":"http:\/\/puech.info\/michel\/blog\/wp-json\/wp\/v2\/posts"}],"about":[{"href":"http:\/\/puech.info\/michel\/blog\/wp-json\/wp\/v2\/types\/post"}],"author":[{"embeddable":true,"href":"http:\/\/puech.info\/michel\/blog\/wp-json\/wp\/v2\/users\/2"}],"replies":[{"embeddable":true,"href":"http:\/\/puech.info\/michel\/blog\/wp-json\/wp\/v2\/comments?post=49"}],"version-history":[{"count":7,"href":"http:\/\/puech.info\/michel\/blog\/wp-json\/wp\/v2\/posts\/49\/revisions"}],"predecessor-version":[{"id":145,"href":"http:\/\/puech.info\/michel\/blog\/wp-json\/wp\/v2\/posts\/49\/revisions\/145"}],"wp:attachment":[{"href":"http:\/\/puech.info\/michel\/blog\/wp-json\/wp\/v2\/media?parent=49"}],"wp:term":[{"taxonomy":"category","embeddable":true,"href":"http:\/\/puech.info\/michel\/blog\/wp-json\/wp\/v2\/categories?post=49"},{"taxonomy":"post_tag","embeddable":true,"href":"http:\/\/puech.info\/michel\/blog\/wp-json\/wp\/v2\/tags?post=49"}],"curies":[{"name":"wp","href":"https:\/\/api.w.org\/{rel}","templated":true}]}}