{"id":70,"date":"2009-07-07T18:33:03","date_gmt":"2009-07-07T16:33:03","guid":{"rendered":"http:\/\/puech.info\/michel\/blog\/?p=70"},"modified":"2022-07-27T11:17:04","modified_gmt":"2022-07-27T09:17:04","slug":"le-parcours-dun-photojournaliste-malvoyant","status":"publish","type":"post","link":"http:\/\/puech.info\/michel\/blog\/2009\/07\/07\/le-parcours-dun-photojournaliste-malvoyant\/","title":{"rendered":"Le parcours d\u2019un photojournaliste  malvoyant"},"content":{"rendered":"<p>\u00ab\u00a0N\u00e9 en 1948,\u00a0 mon p\u00e8re, peintre et photographe amateur m\u2019offre mon premier appareil en 1958, un mod\u00e8le tr\u00e8s simple, en forme de cube, un Kodak Brownie Flash. Puis \u00e0 16 ans, il me confie un moyen format 6 x 9 \u00e0 soufflet obectif Boyer.\u00a0\u00bb \u00e9crit Gilles Klein dans le \u00ab\u00a0Profil\u00a0\u00bb qu&rsquo;il fait de Michel Puech dans <strong><em>Le Monde de la Photo<\/em><\/strong>.<!--more--><\/p>\n<p>&nbsp;<\/p>\n<p>&nbsp;<\/p>\n<p><strong>Le Monde de la Photo \u2013 n 17 juillet 2009<\/strong><\/p>\n<p>Profil<br \/>\nMICHEL PUECH<\/p>\n<p>Le parcours d\u2019un photojournaliste\u00a0 malvoyant<\/p>\n<p>\u00ab\u00a0N\u00e9 en 1948,\u00a0 mon p\u00e8re, peintre et photographe amateur m\u2019offre mon premier appareil en 1958, un mod\u00e8le tr\u00e8s simple, en forme de cube, un Kodak Brownie Flash. Puis \u00e0 16 ans, il me confie un moyen format 6 x 9 \u00e0 soufflet obectif Boyer.\u00a0 Ensuite \u00e9tudes de journalisme \u00e0 l&rsquo;IUT de Bordeaux de 1968 \u00e0 1970. Photos avec un reflex Nikon, et beaucoup de labo Noir &amp; Blanc. A Paris, je d\u00e9bute le journalisme au quotidien Combat de Philippe Tesson, puis reporter pour le mensuel J&rsquo;Accuse qui fusionne avec journal mao\u00efste La Cause du Peuple. Ensuite je participe \u00e0 la cr\u00e9ation du collectif de photographes Boojum Consort, avec G\u00e9rard-Aim\u00e9, Horace, Marc Semo, Jean Pierre Pappis (directeur de l&rsquo;agence Polaris \u00e0 New York). Dans la foul\u00e9e, \u00e0 la demane de Serge July, nous cr\u00e9ons la premi\u00e8re agence photo du journal Lib\u00e9ration, FotoLib o\u00f9 je reste deux ans (1973-1975).\u00a0 Henri Cartier-Bresson offre un\u00a0 de ses\u00a0 Leica \u00e0 FotoLib \u00e0 condition qu\u2019on n\u2019en parle pas. Un autre photographe, un peu oubli\u00e9 aujourd\u2019hui, Jean Latt\u00e8s nous offre une machine \u00e0 \u00e9crire pour faire les l\u00e9gendes car dit-il : \u00ab une photo de presse sans l\u00e9gende ce n\u2019est pas une photo. Le 25 avril 1974 des jeunes militaires d\u00e9clenchent un putsch contre la dictature du g\u00e9n\u00e9ral Salazar au Portugal. C&rsquo;est la R\u00e9volution des \u0152illets et le reportage qui m&rsquo;a le plus marqu\u00e9, car c&rsquo;est apr\u00e8s que j&rsquo;ai d\u00e9cid\u00e9 d&rsquo;arr\u00eater la photo de news. Le 27 avril \u00e0 Lisbonne, j&rsquo;assiste \u00e0 la lib\u00e9ration de tout un peuple dans la joie pendant six jours. Je \u00ab colle \u00bb un photographe exp\u00e9riment\u00e9, Henri Bureau de Sygma, lorsque la foule s&rsquo;en prend \u00e0 un homme soup\u00e7onn\u00e9 de travailler pour la police politique de la dictature, la PIDE. Sa photo fera le tour du monde, mais moi qui suis \u00e0 ses c\u00f4t\u00e9s, je ne l&rsquo;ai pas, pire je ne l\u2019ai pas vue Je ne comprendrai que plus tard que ma vision est en cause, mais cela me pousse \u00e0 abandonner la photo de news, d&rsquo;actualit\u00e9. Je quitte Lib\u00e9ration pour diff\u00e9rentes exp\u00e9riences de reportages texte et photos. En 1980, je \u00e2ssse rapidement \u00e0 l\u2019agence Sygma, au cot\u00e9 de Xavier P\u00e9riss\u00e9, puis nous cr\u00e9ons la Cie. des Reporters qui propose des sujets magazine, texte. J\u2019embauche un vendeur de l\u2019agence Sipa, Mark Grosset qui lance ensuite l&rsquo;agence Black Star France, avant de diriger l\u2019agence Rapho, puis la soci\u00e9t\u00e9 Mark Grosset Photographies d\u00e9di\u00e9e \u00e0 la photographie sovi\u00e9tique. J\u2019ai en charge le site Internet de 2001 jusqu\u2019\u00e0 son d\u00e9c\u00e9s en 2006. \u00bb Michel a eu l\u2019occasion de rencontrer Doisneau : \u00ab\u00a0 En 1985, je viens chez mes parents, et je vois plus une photo de ma m\u00e8re \u00e0 l&rsquo;\u00e9poque o\u00f9 elle faisait du planeur, un an avant ma naissance. Ils m&rsquo;expliquent que le cadre est tomb\u00e9. Et l\u00e0 je d\u00e9couvre avec stupeur que c&rsquo;est une photo originale de Robert Doisneau datant de 1947. Cette image au format 6 x 6 retaill\u00e9e en largeur, a fait la Une de l&rsquo;hebdomadaire la Vie Catholique en 1947, mais en hauteur. J&rsquo;ai appel\u00e9 Doisneau, tr\u00e8s content de retrouver une image et son mod\u00e8le 40 ans plus tard. Nous avons d\u00e9jeun\u00e9 ensemble. Il a envoy\u00e9 \u00e0 ma m\u00e8re d&rsquo;autres photos, et depuis j&rsquo;ai fait encadrer cette couverture. \u00bb<\/p>\n<p>La vision de Michel\u00a0 n&rsquo;est pas banale, \u00eatre photojouranliste et malvoyant est sans doute dure \u00e0 vivre, mais Michel l&rsquo;\u00e9voque avec humour et sourire : \u00ab Je marche avec une canne blanche, parce que j\u2019ai une vision tubulaire, un champ visuel de 10 degr\u00e8s. C\u2019est un handicap h\u00e9r\u00e9ditaire, une r\u00e9tinite pigmentaire que je n\u2019ai commenc\u00e9 \u00e0 comprendre et \u00e0 accepter que vers 1992. \u00bb &#8211; Les r\u00e9tinopathies pigmentaires sont des maladies g\u00e9n\u00e9tiques s&rsquo;attaquant progressivement aux cellules photor\u00e9ceptrices de la r\u00e9tine et conduisant petit \u00e0 petit \u00e0 la c\u00e9cit\u00e9. Trente cinq mille personnes en sont atteintes en France, et environ quatre cent mille en Europe &#8211; explique une association de malades.<br \/>\n\u00ab Je n&rsquo;ai pas voulu y faire attention, puis j&rsquo;ai compris qu&rsquo;elle avait influen\u00e7\u00e9e toute ma vie et naturellement mes cadrages. Enfant, adolescent, jeune homme, je voyais mal dans l&rsquo;obscurit\u00e9. J&rsquo;\u00e9tais aussi tr\u00e8s sensible \u00e0 la lumi\u00e8re en contre-jour, j&rsquo;\u00e9tais irritable, inconfortable, cela me g\u00eanait. Est-ce pour cela que j&rsquo;ai toujours aim\u00e9 les images simples \u00e0 lire, avec un cadrage serr\u00e9, des lignes fortes\u00a0 et que je n&rsquo;aime pas beaucoup le grand angle. Voil\u00e0. Contrairement \u00e0 ce que l&rsquo;on pourrait croire je n&rsquo;aime pas trop le num\u00e9rique, qui me facilite pourtant la vie, avec sa mise au point automatique. Mon premier num\u00e9rique \u00e9tait un petit compact Casio en 1997. Aujourd&rsquo;hui j&rsquo;ai toujours dans ma poche un bridge Sony. C&rsquo;est comme cela que j&rsquo;ai fait la photo de Laurent Joffrin face \u00e0 une gr\u00e9viste de la faim \u00e0 Lib\u00e9ration. Photo diffus\u00e9e par l&rsquo;agence Sipa Press, o\u00f9 l&rsquo;on a\u00a0 \u00e9t\u00e9 \u00e9tonn\u00e9 que je sois encore capable de cadrer un instantan\u00e9 de ce genre, alors qu&rsquo;il m&rsquo;arrive de me cogner quand je ne vois pas un obstacle. \u00bb Amoureux de l\u2019argentique, Michel, comme un marin qui refuse le GPS et aime naviguer au sextant, adore toujours faire du noir &amp; blanc avec ses 24 x 36 argentiques, m\u00e9caniques et manuels : un Nikormat achet\u00e9 en 1971, et un Leica M2 achet\u00e9 en 1976 avec une cellule Leicameter pour mesurer la lumi\u00e8re. \u00ab C\u2019est une fa\u00e7on de d\u00e9fier\u00a0 mon handicap visuel !\u00bb<\/p>\n<p>Gilles Klein<\/p>\n<h3><a href=\"http:\/\/puech.info\/michel\/blog\/pressbook\/\">Retour au Pressbook<\/a><\/h3>\n<p>&nbsp;<\/p>\n<p>L\u00e9gendes des photos publi\u00e9es dans le mensuel<\/p>\n<p>Nixon<\/p>\n<p>Nixon \u00e0 Paris en avril 1974. Une image impossible \u00e0 r\u00e9aliser aujourd&rsquo;hui. A l&rsquo;\u00e9poque, les journalistes pouvaient approcher un pr\u00e9sident am\u00e9ricain, qui marchait rue du faubourg St-Honor\u00e9 au milieu de la foule. Le pr\u00e9sident fran\u00e7ais Georges Pompidou venait de mourir, Nixon \u00e9tait venu \u00e0 son enterrement. On ne reverra pas Nixon, il va d\u00e9missionner peu apr\u00e8s,\u00a0 \u00e0 la suite du scandale du Watergate.<br \/>\nmarin<br \/>\n1er mai 1974, la Lib\u00e9ration de Lisbonne grace au putch des capitaines portugais. Ce marin du Mouvement des Forces Arm\u00e9es (MFA) est en t\u00eate de l\u2019immence cort\u00e8ge c\u00e9l\u00e9brant ce jour des tavailleurs, la victoire sur 54 ans de dictature.<br \/>\nmariage<br \/>\nJanvier 1976, a Ghardaia au M\u2019zab (Alg\u00e9rie) mariage d\u2019Omar Une image exceptionnelle car les mozabites appr\u00e9ciaient peu d\u2019\u00eatre photographi\u00e9. La seule photographie publi\u00e9e auparavant date de 1927 et montre le mariage du grand p\u00e8re du mari\u00e9. Il pose dans les m\u00eames v\u00e9tements.<br \/>\njjoffrin<br \/>\nParis 3 mers 2009 &#8211; Quatri\u00e8me semaine de gr\u00e8ve de la faim de la journaliste Florence Cousin dans le hall du quotidien Lib\u00e9ration pour protester contre son licenciement apr\u00e8s 25 ans \u00ab\u00a0de maison\u00a0\u00bb. A 16h ce mardi, Laurent Joffrin, Pdg du quotidien, exc\u00e9d\u00e9 et hors de lui,s&rsquo;en prend violemment aux personnes venues soutenir la gr\u00e9viste, qu&rsquo;il jette dehors lui m\u00eame provoquant l&rsquo;intervention des syndicats du journal.<\/p>\n","protected":false},"excerpt":{"rendered":"<p>\u00ab\u00a0N\u00e9 en 1948,\u00a0 mon p\u00e8re, peintre et photographe amateur m\u2019offre mon premier appareil en 1958, un mod\u00e8le tr\u00e8s simple, en forme de cube, un Kodak Brownie Flash. Puis \u00e0 16 ans, il me confie un moyen format 6 x 9 \u00e0 soufflet obectif Boyer.\u00a0\u00bb \u00e9crit Gilles Klein dans le \u00ab\u00a0Profil\u00a0\u00bb qu&rsquo;il fait de Michel Puech [&hellip;]<\/p>\n","protected":false},"author":1,"featured_media":0,"comment_status":"open","ping_status":"closed","sticky":false,"template":"","format":"standard","meta":{"footnotes":""},"categories":[45],"tags":[18],"class_list":["post-70","post","type-post","status-publish","format-standard","hentry","category-pressbook","tag-photojournalisme"],"_links":{"self":[{"href":"http:\/\/puech.info\/michel\/blog\/wp-json\/wp\/v2\/posts\/70","targetHints":{"allow":["GET"]}}],"collection":[{"href":"http:\/\/puech.info\/michel\/blog\/wp-json\/wp\/v2\/posts"}],"about":[{"href":"http:\/\/puech.info\/michel\/blog\/wp-json\/wp\/v2\/types\/post"}],"author":[{"embeddable":true,"href":"http:\/\/puech.info\/michel\/blog\/wp-json\/wp\/v2\/users\/1"}],"replies":[{"embeddable":true,"href":"http:\/\/puech.info\/michel\/blog\/wp-json\/wp\/v2\/comments?post=70"}],"version-history":[{"count":6,"href":"http:\/\/puech.info\/michel\/blog\/wp-json\/wp\/v2\/posts\/70\/revisions"}],"predecessor-version":[{"id":437,"href":"http:\/\/puech.info\/michel\/blog\/wp-json\/wp\/v2\/posts\/70\/revisions\/437"}],"wp:attachment":[{"href":"http:\/\/puech.info\/michel\/blog\/wp-json\/wp\/v2\/media?parent=70"}],"wp:term":[{"taxonomy":"category","embeddable":true,"href":"http:\/\/puech.info\/michel\/blog\/wp-json\/wp\/v2\/categories?post=70"},{"taxonomy":"post_tag","embeddable":true,"href":"http:\/\/puech.info\/michel\/blog\/wp-json\/wp\/v2\/tags?post=70"}],"curies":[{"name":"wp","href":"https:\/\/api.w.org\/{rel}","templated":true}]}}