{"id":227,"date":"2013-10-29T12:11:54","date_gmt":"2013-10-29T11:11:54","guid":{"rendered":"http:\/\/puech.info\/michel\/blog\/?p=227"},"modified":"2022-07-27T11:16:36","modified_gmt":"2022-07-27T09:16:36","slug":"nouvel-element-a-charges-dans-laffaire-sygma-corbis","status":"publish","type":"post","link":"https:\/\/puech.info\/michel\/blog\/2013\/10\/29\/nouvel-element-a-charges-dans-laffaire-sygma-corbis\/","title":{"rendered":"Nouvel \u00e9l\u00e9ment \u00e0 charges dans l&rsquo;affaire Sygma-Corbis"},"content":{"rendered":"<p>Dans Le Monde du 8 septembre 2013, Claire Guillot reorend une information publi\u00e9e par Michel Puech dans le livre \u00ab\u00a0G\u00e9n\u00e9ration Sygma\u00a0\u00bb et dans \u00ab\u00a0Le Journal de la Photographie\u00a0\u00bb. Voir le dossier <a href=\"http:\/\/www.a-l-oeil.info\/blog\/tag\/corbis-sygma\/\" target=\"_blank\" rel=\"noopener\">Corbis-Sygma dans le blog A l&rsquo;oeil<\/a>.<br \/>\n<!--more--><br \/>\n<a href=\"http:\/\/puech.info\/michel\/blog\/2013\/10\/29\/nouvel-element-a-charges-dans-laffaire-sygma-corbis\/snipimage2\/\" rel=\"attachment wp-att-228\"><img decoding=\"async\" class=\"alignnone wp-image-228\" src=\"http:\/\/puech.info\/michel\/blog\/wp-content\/uploads\/2013\/10\/SnipImage2.jpg\" alt=\"SnipImage2\" width=\"720\" srcset=\"https:\/\/puech.info\/michel\/blog\/wp-content\/uploads\/2013\/10\/SnipImage2.jpg 800w, https:\/\/puech.info\/michel\/blog\/wp-content\/uploads\/2013\/10\/SnipImage2-720x558.jpg 720w, https:\/\/puech.info\/michel\/blog\/wp-content\/uploads\/2013\/10\/SnipImage2-640x496.jpg 640w, https:\/\/puech.info\/michel\/blog\/wp-content\/uploads\/2013\/10\/SnipImage2-780x604.jpg 780w\" sizes=\"(max-width: 800px) 100vw, 800px\" \/><\/a><\/p>\n<p><a href=\"http:\/\/puech.info\/michel\/blog\/2013\/10\/29\/nouvel-element-a-charges-dans-laffaire-sygma-corbis\/snipimage\/\" rel=\"attachment wp-att-229\"><img loading=\"lazy\" decoding=\"async\" class=\"alignnone size-full wp-image-229\" src=\"http:\/\/puech.info\/michel\/blog\/wp-content\/uploads\/2013\/10\/SnipImage.jpg\" alt=\"SnipImage\" width=\"239\" height=\"554\" \/><\/a><\/p>\n","protected":false},"excerpt":{"rendered":"<p>Dans Le Monde du 8 septembre 2013, Claire Guillot reorend une information publi\u00e9e par Michel Puech dans le livre \u00ab\u00a0G\u00e9n\u00e9ration Sygma\u00a0\u00bb et dans \u00ab\u00a0Le Journal de la Photographie\u00a0\u00bb. Voir le dossier Corbis-Sygma dans le blog A l&rsquo;oeil.<\/p>\n","protected":false},"author":2,"featured_media":0,"comment_status":"closed","ping_status":"closed","sticky":false,"template":"","format":"standard","meta":{"footnotes":""},"categories":[45],"tags":[18],"class_list":["post-227","post","type-post","status-publish","format-standard","hentry","category-pressbook","tag-photojournalisme"],"_links":{"self":[{"href":"https:\/\/puech.info\/michel\/blog\/wp-json\/wp\/v2\/posts\/227","targetHints":{"allow":["GET"]}}],"collection":[{"href":"https:\/\/puech.info\/michel\/blog\/wp-json\/wp\/v2\/posts"}],"about":[{"href":"https:\/\/puech.info\/michel\/blog\/wp-json\/wp\/v2\/types\/post"}],"author":[{"embeddable":true,"href":"https:\/\/puech.info\/michel\/blog\/wp-json\/wp\/v2\/users\/2"}],"replies":[{"embeddable":true,"href":"https:\/\/puech.info\/michel\/blog\/wp-json\/wp\/v2\/comments?post=227"}],"version-history":[{"count":3,"href":"https:\/\/puech.info\/michel\/blog\/wp-json\/wp\/v2\/posts\/227\/revisions"}],"predecessor-version":[{"id":762,"href":"https:\/\/puech.info\/michel\/blog\/wp-json\/wp\/v2\/posts\/227\/revisions\/762"}],"wp:attachment":[{"href":"https:\/\/puech.info\/michel\/blog\/wp-json\/wp\/v2\/media?parent=227"}],"wp:term":[{"taxonomy":"category","embeddable":true,"href":"https:\/\/puech.info\/michel\/blog\/wp-json\/wp\/v2\/categories?post=227"},{"taxonomy":"post_tag","embeddable":true,"href":"https:\/\/puech.info\/michel\/blog\/wp-json\/wp\/v2\/tags?post=227"}],"curies":[{"name":"wp","href":"https:\/\/api.w.org\/{rel}","templated":true}]}}